{"id":14484,"date":"2026-03-14T16:55:13","date_gmt":"2026-03-14T15:55:13","guid":{"rendered":"https:\/\/www.calafornells.com\/cala-fornells-vuelve-a-despertar-con-la-nueva-temporada\/"},"modified":"2026-03-16T11:56:19","modified_gmt":"2026-03-16T10:56:19","slug":"cala-fornells-torna-a-despertar-amb-la-nova-temporada","status":"publish","type":"post","link":"https:\/\/www.calafornells.com\/ca\/cala-fornells-torna-a-despertar-amb-la-nova-temporada\/","title":{"rendered":"Cala Fornells torna a despertar amb la nova temporada"},"content":{"rendered":"<p>Amb l\u2019arribada de la primavera, Cala Fornells torna a recuperar el seu ritme. Els dies s\u2019allarguen, la llum del Mediterrani torna a il\u00b7luminar la badia i el paisatge recupera aquella calma tan caracter\u00edstica d\u2019aquest petit rac\u00f3 de Mallorca.<\/p>\n<p>A l&#8217;Hotel Cala Fornells, aquest moment de l\u2019any sempre t\u00e9 un significat especial. Despr\u00e9s dels mesos d\u2019hivern, el retorn de la nova temporada marca l\u2019inici d\u2019un altre estiu al costat del mar, amb la mateixa hospitalitat que ha definit el nostre hotel familiar des de 1947.<\/p>\n<p>La terrassa torna a omplir-se de vida, els primers banys al mar anuncien l\u2019arribada de l\u2019estiu i la badia recupera aquella atmosfera tranquil\u00b7la que tants dels nostres hostes valoren any rere any.<\/p>\n<p>Com cada temporada, l\u2019equip de l\u2019hotel es prepara per tornar a rebre els hostes amb <strong>la mateixa atenci\u00f3 propera i personalitzada que sempre ha caracteritzat el Hotel Cala Fornells<\/strong>, un hotel mediterrani gestionat per la mateixa fam\u00edlia des de fa tres generacions.<\/p>\n<p>Per a molts dels nostres hostes habituals, aquest moment marca tamb\u00e9 el retorn a un lloc que senten gaireb\u00e9 com casa seva. Alguns ens visiten des de fa d\u00e8cades i formen part ja de la hist\u00f2ria del propi hotel.<\/p>\n<p>Amb la nova temporada comen\u00e7a un nou cap\u00edtol d\u2019aquesta hist\u00f2ria que va comen\u00e7ar <a href=\"https:\/\/www.calafornells.com\/ca\/historia\/\">fa m\u00e9s de setanta anys davant de la badia de Cala Fornells<\/a>.<\/p>\n<p>Us esperam per tornar a gaudir junts del Mediterrani.<\/p>\n<p><em>Foto realitzada el diumenge 22 de febrer de 2026<\/em><\/p>\n","protected":false},"excerpt":{"rendered":"<p>Amb l\u2019arribada de la primavera, Cala Fornells torna a recuperar el seu ritme. Els dies s\u2019allarguen, la llum del Mediterrani torna a il\u00b7luminar la badia i el paisatge recupera aquella calma tan caracter\u00edstica d\u2019aquest petit rac\u00f3 de Mallorca. A l&#8217;Hotel Cala Fornells, aquest moment de l\u2019any sempre t\u00e9 un significat especial. Despr\u00e9s dels mesos d\u2019hivern,&#8230;<\/p>\n","protected":false},"author":1,"featured_media":14453,"comment_status":"closed","ping_status":"closed","sticky":false,"template":"","format":"standard","meta":{"footnotes":""},"categories":[22],"tags":[],"class_list":["post-14484","post","type-post","status-publish","format-standard","has-post-thumbnail","hentry","category-noticies"],"yoast_head":"<!-- This site is optimized with the Yoast SEO plugin v27.5 - https:\/\/yoast.com\/product\/yoast-seo-wordpress\/ -->\n<title>Cala Fornells torna a despertar amb la nova temporada | Hotel Cala Fornells<\/title>\n<meta name=\"robots\" content=\"index, follow, max-snippet:-1, max-image-preview:large, max-video-preview:-1\" \/>\n<link rel=\"canonical\" href=\"https:\/\/www.calafornells.com\/ca\/cala-fornells-torna-a-despertar-amb-la-nova-temporada\/\" \/>\n<meta property=\"og:locale\" content=\"ca_ES\" \/>\n<meta property=\"og:type\" content=\"article\" \/>\n<meta property=\"og:title\" content=\"Cala Fornells torna a despertar amb la nova temporada | Hotel Cala Fornells\" \/>\n<meta property=\"og:description\" content=\"Amb l\u2019arribada de la primavera, Cala Fornells torna a recuperar el seu ritme. Els dies s\u2019allarguen, la llum del Mediterrani torna a il\u00b7luminar la badia i el paisatge recupera aquella calma tan caracter\u00edstica d\u2019aquest petit rac\u00f3 de Mallorca. A l&#8217;Hotel Cala Fornells, aquest moment de l\u2019any sempre t\u00e9 un significat especial. Despr\u00e9s dels mesos d\u2019hivern,...\" \/>\n<meta property=\"og:url\" content=\"https:\/\/www.calafornells.com\/ca\/cala-fornells-torna-a-despertar-amb-la-nova-temporada\/\" \/>\n<meta property=\"og:site_name\" content=\"Hotel Cala Fornells\" \/>\n<meta property=\"article:publisher\" content=\"https:\/\/www.facebook.com\/hotel.calafornells\/\" \/>\n<meta property=\"article:published_time\" content=\"2026-03-14T15:55:13+00:00\" \/>\n<meta property=\"article:modified_time\" content=\"2026-03-16T10:56:19+00:00\" \/>\n<meta property=\"og:image\" content=\"https:\/\/www.calafornells.com\/wp-content\/uploads\/2026\/03\/hotel-cala-fornells-primavera-2026.jpg\" \/>\n\t<meta property=\"og:image:width\" content=\"1599\" \/>\n\t<meta property=\"og:image:height\" content=\"899\" \/>\n\t<meta property=\"og:image:type\" content=\"image\/jpeg\" \/>\n<meta name=\"author\" content=\"calafor\" \/>\n<meta name=\"twitter:card\" content=\"summary_large_image\" \/>\n<meta name=\"twitter:label1\" content=\"Escrit per\" \/>\n\t<meta name=\"twitter:data1\" content=\"calafor\" \/>\n\t<meta name=\"twitter:label2\" content=\"Temps estimat de lectura\" \/>\n\t<meta name=\"twitter:data2\" content=\"1 minut\" \/>\n<script type=\"application\/ld+json\" class=\"yoast-schema-graph\">{\"@context\":\"https:\\\/\\\/schema.org\",\"@graph\":[{\"@type\":\"Article\",\"@id\":\"https:\\\/\\\/www.calafornells.com\\\/ca\\\/cala-fornells-torna-a-despertar-amb-la-nova-temporada\\\/#article\",\"isPartOf\":{\"@id\":\"https:\\\/\\\/www.calafornells.com\\\/ca\\\/cala-fornells-torna-a-despertar-amb-la-nova-temporada\\\/\"},\"author\":{\"name\":\"calafor\",\"@id\":\"https:\\\/\\\/www.calafornells.com\\\/#\\\/schema\\\/person\\\/e33ee564907e2ec1720f3a7624f17f4f\"},\"headline\":\"Cala Fornells torna a despertar amb la nova temporada\",\"datePublished\":\"2026-03-14T15:55:13+00:00\",\"dateModified\":\"2026-03-16T10:56:19+00:00\",\"mainEntityOfPage\":{\"@id\":\"https:\\\/\\\/www.calafornells.com\\\/ca\\\/cala-fornells-torna-a-despertar-amb-la-nova-temporada\\\/\"},\"wordCount\":271,\"publisher\":{\"@id\":\"https:\\\/\\\/www.calafornells.com\\\/#organization\"},\"image\":{\"@id\":\"https:\\\/\\\/www.calafornells.com\\\/ca\\\/cala-fornells-torna-a-despertar-amb-la-nova-temporada\\\/#primaryimage\"},\"thumbnailUrl\":\"https:\\\/\\\/www.calafornells.com\\\/wp-content\\\/uploads\\\/2026\\\/03\\\/hotel-cala-fornells-primavera-2026.jpg\",\"articleSection\":[\"Not\u00edcies\"],\"inLanguage\":\"ca\"},{\"@type\":\"WebPage\",\"@id\":\"https:\\\/\\\/www.calafornells.com\\\/ca\\\/cala-fornells-torna-a-despertar-amb-la-nova-temporada\\\/\",\"url\":\"https:\\\/\\\/www.calafornells.com\\\/ca\\\/cala-fornells-torna-a-despertar-amb-la-nova-temporada\\\/\",\"name\":\"Cala Fornells torna a despertar amb la nova temporada | Hotel Cala Fornells\",\"isPartOf\":{\"@id\":\"https:\\\/\\\/www.calafornells.com\\\/#website\"},\"primaryImageOfPage\":{\"@id\":\"https:\\\/\\\/www.calafornells.com\\\/ca\\\/cala-fornells-torna-a-despertar-amb-la-nova-temporada\\\/#primaryimage\"},\"image\":{\"@id\":\"https:\\\/\\\/www.calafornells.com\\\/ca\\\/cala-fornells-torna-a-despertar-amb-la-nova-temporada\\\/#primaryimage\"},\"thumbnailUrl\":\"https:\\\/\\\/www.calafornells.com\\\/wp-content\\\/uploads\\\/2026\\\/03\\\/hotel-cala-fornells-primavera-2026.jpg\",\"datePublished\":\"2026-03-14T15:55:13+00:00\",\"dateModified\":\"2026-03-16T10:56:19+00:00\",\"breadcrumb\":{\"@id\":\"https:\\\/\\\/www.calafornells.com\\\/ca\\\/cala-fornells-torna-a-despertar-amb-la-nova-temporada\\\/#breadcrumb\"},\"inLanguage\":\"ca\",\"potentialAction\":[{\"@type\":\"ReadAction\",\"target\":[\"https:\\\/\\\/www.calafornells.com\\\/ca\\\/cala-fornells-torna-a-despertar-amb-la-nova-temporada\\\/\"]}]},{\"@type\":\"ImageObject\",\"inLanguage\":\"ca\",\"@id\":\"https:\\\/\\\/www.calafornells.com\\\/ca\\\/cala-fornells-torna-a-despertar-amb-la-nova-temporada\\\/#primaryimage\",\"url\":\"https:\\\/\\\/www.calafornells.com\\\/wp-content\\\/uploads\\\/2026\\\/03\\\/hotel-cala-fornells-primavera-2026.jpg\",\"contentUrl\":\"https:\\\/\\\/www.calafornells.com\\\/wp-content\\\/uploads\\\/2026\\\/03\\\/hotel-cala-fornells-primavera-2026.jpg\",\"width\":1599,\"height\":899},{\"@type\":\"BreadcrumbList\",\"@id\":\"https:\\\/\\\/www.calafornells.com\\\/ca\\\/cala-fornells-torna-a-despertar-amb-la-nova-temporada\\\/#breadcrumb\",\"itemListElement\":[{\"@type\":\"ListItem\",\"position\":1,\"name\":\"Portada\",\"item\":\"https:\\\/\\\/www.calafornells.com\\\/ca\\\/\"},{\"@type\":\"ListItem\",\"position\":2,\"name\":\"Cala Fornells torna a despertar amb la nova temporada\"}]},{\"@type\":\"WebSite\",\"@id\":\"https:\\\/\\\/www.calafornells.com\\\/#website\",\"url\":\"https:\\\/\\\/www.calafornells.com\\\/\",\"name\":\"Hotel Cala Fornells\",\"description\":\"4* Peguera Mallorca | Web Oficial | Millor Preu online Garantit\",\"publisher\":{\"@id\":\"https:\\\/\\\/www.calafornells.com\\\/#organization\"},\"potentialAction\":[{\"@type\":\"SearchAction\",\"target\":{\"@type\":\"EntryPoint\",\"urlTemplate\":\"https:\\\/\\\/www.calafornells.com\\\/?s={search_term_string}\"},\"query-input\":{\"@type\":\"PropertyValueSpecification\",\"valueRequired\":true,\"valueName\":\"search_term_string\"}}],\"inLanguage\":\"ca\"},{\"@type\":\"Organization\",\"@id\":\"https:\\\/\\\/www.calafornells.com\\\/#organization\",\"name\":\"Hotel Cala Fornells\",\"url\":\"https:\\\/\\\/www.calafornells.com\\\/\",\"logo\":{\"@type\":\"ImageObject\",\"inLanguage\":\"ca\",\"@id\":\"https:\\\/\\\/www.calafornells.com\\\/#\\\/schema\\\/logo\\\/image\\\/\",\"url\":\"\",\"contentUrl\":\"\",\"caption\":\"Hotel Cala Fornells\"},\"image\":{\"@id\":\"https:\\\/\\\/www.calafornells.com\\\/#\\\/schema\\\/logo\\\/image\\\/\"},\"sameAs\":[\"https:\\\/\\\/www.facebook.com\\\/hotel.calafornells\\\/\",\"https:\\\/\\\/www.instagram.com\\\/hotelcalafornells\\\/\"]},{\"@type\":\"Person\",\"@id\":\"https:\\\/\\\/www.calafornells.com\\\/#\\\/schema\\\/person\\\/e33ee564907e2ec1720f3a7624f17f4f\",\"name\":\"calafor\"}]}<\/script>\n<!-- \/ Yoast SEO plugin. -->","yoast_head_json":{"title":"Cala Fornells torna a despertar amb la nova temporada | Hotel Cala Fornells","robots":{"index":"index","follow":"follow","max-snippet":"max-snippet:-1","max-image-preview":"max-image-preview:large","max-video-preview":"max-video-preview:-1"},"canonical":"https:\/\/www.calafornells.com\/ca\/cala-fornells-torna-a-despertar-amb-la-nova-temporada\/","og_locale":"ca_ES","og_type":"article","og_title":"Cala Fornells torna a despertar amb la nova temporada | Hotel Cala Fornells","og_description":"Amb l\u2019arribada de la primavera, Cala Fornells torna a recuperar el seu ritme. Els dies s\u2019allarguen, la llum del Mediterrani torna a il\u00b7luminar la badia i el paisatge recupera aquella calma tan caracter\u00edstica d\u2019aquest petit rac\u00f3 de Mallorca. A l&#8217;Hotel Cala Fornells, aquest moment de l\u2019any sempre t\u00e9 un significat especial. Despr\u00e9s dels mesos d\u2019hivern,...","og_url":"https:\/\/www.calafornells.com\/ca\/cala-fornells-torna-a-despertar-amb-la-nova-temporada\/","og_site_name":"Hotel Cala Fornells","article_publisher":"https:\/\/www.facebook.com\/hotel.calafornells\/","article_published_time":"2026-03-14T15:55:13+00:00","article_modified_time":"2026-03-16T10:56:19+00:00","og_image":[{"width":1599,"height":899,"url":"https:\/\/www.calafornells.com\/wp-content\/uploads\/2026\/03\/hotel-cala-fornells-primavera-2026.jpg","type":"image\/jpeg"}],"author":"calafor","twitter_card":"summary_large_image","twitter_misc":{"Escrit per":"calafor","Temps estimat de lectura":"1 minut"},"schema":{"@context":"https:\/\/schema.org","@graph":[{"@type":"Article","@id":"https:\/\/www.calafornells.com\/ca\/cala-fornells-torna-a-despertar-amb-la-nova-temporada\/#article","isPartOf":{"@id":"https:\/\/www.calafornells.com\/ca\/cala-fornells-torna-a-despertar-amb-la-nova-temporada\/"},"author":{"name":"calafor","@id":"https:\/\/www.calafornells.com\/#\/schema\/person\/e33ee564907e2ec1720f3a7624f17f4f"},"headline":"Cala Fornells torna a despertar amb la nova temporada","datePublished":"2026-03-14T15:55:13+00:00","dateModified":"2026-03-16T10:56:19+00:00","mainEntityOfPage":{"@id":"https:\/\/www.calafornells.com\/ca\/cala-fornells-torna-a-despertar-amb-la-nova-temporada\/"},"wordCount":271,"publisher":{"@id":"https:\/\/www.calafornells.com\/#organization"},"image":{"@id":"https:\/\/www.calafornells.com\/ca\/cala-fornells-torna-a-despertar-amb-la-nova-temporada\/#primaryimage"},"thumbnailUrl":"https:\/\/www.calafornells.com\/wp-content\/uploads\/2026\/03\/hotel-cala-fornells-primavera-2026.jpg","articleSection":["Not\u00edcies"],"inLanguage":"ca"},{"@type":"WebPage","@id":"https:\/\/www.calafornells.com\/ca\/cala-fornells-torna-a-despertar-amb-la-nova-temporada\/","url":"https:\/\/www.calafornells.com\/ca\/cala-fornells-torna-a-despertar-amb-la-nova-temporada\/","name":"Cala Fornells torna a despertar amb la nova temporada | Hotel Cala Fornells","isPartOf":{"@id":"https:\/\/www.calafornells.com\/#website"},"primaryImageOfPage":{"@id":"https:\/\/www.calafornells.com\/ca\/cala-fornells-torna-a-despertar-amb-la-nova-temporada\/#primaryimage"},"image":{"@id":"https:\/\/www.calafornells.com\/ca\/cala-fornells-torna-a-despertar-amb-la-nova-temporada\/#primaryimage"},"thumbnailUrl":"https:\/\/www.calafornells.com\/wp-content\/uploads\/2026\/03\/hotel-cala-fornells-primavera-2026.jpg","datePublished":"2026-03-14T15:55:13+00:00","dateModified":"2026-03-16T10:56:19+00:00","breadcrumb":{"@id":"https:\/\/www.calafornells.com\/ca\/cala-fornells-torna-a-despertar-amb-la-nova-temporada\/#breadcrumb"},"inLanguage":"ca","potentialAction":[{"@type":"ReadAction","target":["https:\/\/www.calafornells.com\/ca\/cala-fornells-torna-a-despertar-amb-la-nova-temporada\/"]}]},{"@type":"ImageObject","inLanguage":"ca","@id":"https:\/\/www.calafornells.com\/ca\/cala-fornells-torna-a-despertar-amb-la-nova-temporada\/#primaryimage","url":"https:\/\/www.calafornells.com\/wp-content\/uploads\/2026\/03\/hotel-cala-fornells-primavera-2026.jpg","contentUrl":"https:\/\/www.calafornells.com\/wp-content\/uploads\/2026\/03\/hotel-cala-fornells-primavera-2026.jpg","width":1599,"height":899},{"@type":"BreadcrumbList","@id":"https:\/\/www.calafornells.com\/ca\/cala-fornells-torna-a-despertar-amb-la-nova-temporada\/#breadcrumb","itemListElement":[{"@type":"ListItem","position":1,"name":"Portada","item":"https:\/\/www.calafornells.com\/ca\/"},{"@type":"ListItem","position":2,"name":"Cala Fornells torna a despertar amb la nova temporada"}]},{"@type":"WebSite","@id":"https:\/\/www.calafornells.com\/#website","url":"https:\/\/www.calafornells.com\/","name":"Hotel Cala Fornells","description":"4* Peguera Mallorca | Web Oficial | Millor Preu online Garantit","publisher":{"@id":"https:\/\/www.calafornells.com\/#organization"},"potentialAction":[{"@type":"SearchAction","target":{"@type":"EntryPoint","urlTemplate":"https:\/\/www.calafornells.com\/?s={search_term_string}"},"query-input":{"@type":"PropertyValueSpecification","valueRequired":true,"valueName":"search_term_string"}}],"inLanguage":"ca"},{"@type":"Organization","@id":"https:\/\/www.calafornells.com\/#organization","name":"Hotel Cala Fornells","url":"https:\/\/www.calafornells.com\/","logo":{"@type":"ImageObject","inLanguage":"ca","@id":"https:\/\/www.calafornells.com\/#\/schema\/logo\/image\/","url":"","contentUrl":"","caption":"Hotel Cala Fornells"},"image":{"@id":"https:\/\/www.calafornells.com\/#\/schema\/logo\/image\/"},"sameAs":["https:\/\/www.facebook.com\/hotel.calafornells\/","https:\/\/www.instagram.com\/hotelcalafornells\/"]},{"@type":"Person","@id":"https:\/\/www.calafornells.com\/#\/schema\/person\/e33ee564907e2ec1720f3a7624f17f4f","name":"calafor"}]}},"_links":{"self":[{"href":"https:\/\/www.calafornells.com\/ca\/wp-json\/wp\/v2\/posts\/14484","targetHints":{"allow":["GET"]}}],"collection":[{"href":"https:\/\/www.calafornells.com\/ca\/wp-json\/wp\/v2\/posts"}],"about":[{"href":"https:\/\/www.calafornells.com\/ca\/wp-json\/wp\/v2\/types\/post"}],"author":[{"embeddable":true,"href":"https:\/\/www.calafornells.com\/ca\/wp-json\/wp\/v2\/users\/1"}],"replies":[{"embeddable":true,"href":"https:\/\/www.calafornells.com\/ca\/wp-json\/wp\/v2\/comments?post=14484"}],"version-history":[{"count":3,"href":"https:\/\/www.calafornells.com\/ca\/wp-json\/wp\/v2\/posts\/14484\/revisions"}],"predecessor-version":[{"id":14488,"href":"https:\/\/www.calafornells.com\/ca\/wp-json\/wp\/v2\/posts\/14484\/revisions\/14488"}],"wp:featuredmedia":[{"embeddable":true,"href":"https:\/\/www.calafornells.com\/ca\/wp-json\/wp\/v2\/media\/14453"}],"wp:attachment":[{"href":"https:\/\/www.calafornells.com\/ca\/wp-json\/wp\/v2\/media?parent=14484"}],"wp:term":[{"taxonomy":"category","embeddable":true,"href":"https:\/\/www.calafornells.com\/ca\/wp-json\/wp\/v2\/categories?post=14484"},{"taxonomy":"post_tag","embeddable":true,"href":"https:\/\/www.calafornells.com\/ca\/wp-json\/wp\/v2\/tags?post=14484"}],"curies":[{"name":"wp","href":"https:\/\/api.w.org\/{rel}","templated":true}]}}