{"id":13366,"date":"2022-09-21T14:18:56","date_gmt":"2022-09-21T12:18:56","guid":{"rendered":"https:\/\/www.calafornells.com\/mencion-del-fomento-de-turismo-de-mallorca\/"},"modified":"2026-03-16T13:36:55","modified_gmt":"2026-03-16T12:36:55","slug":"das-hotel-cala-fornells-erhaelt-eine-anerkennung-von-fomento-del-turismo-de-mallorca","status":"publish","type":"post","link":"https:\/\/www.calafornells.com\/de\/das-hotel-cala-fornells-erhaelt-eine-anerkennung-von-fomento-del-turismo-de-mallorca\/","title":{"rendered":"Das Hotel Cala Fornells erh\u00e4lt eine Anerkennung von Fomento del Turismo de Mallorca"},"content":{"rendered":"<p>Das Hotel Cala Fornells wurde soeben vom Tourismusverband Mallorca (Fomento del Turismo de Mallorca) ausgezeichnet, \u201ef\u00fcr sein 75-j\u00e4hriges Jubil\u00e4um und seine Rolle als Referenz im Gebiet von Peguera w\u00e4hrend seiner gesamten Laufbahn sowie f\u00fcr seinen positiven Einfluss auf das Image der Insel als touristisches Beherbergungsangebot\u201c. Ebenfalls ausgezeichnet wurden das Hotel Nixe Palace und die Fassadenrenovierung von Can Forteza Rey. Die Goldmedaillen wurden an Mart\u00ed Xamena, Maria Fullana Puig (posthum) und Juan Vilanova Cifre verliehen.<\/p>\n<p>Die Preisverleihung des Fomento del Turismo de Mallorca 2022 findet am kommenden 12. Dezember im CaixaForum statt.<\/p>\n<p>Weitere Informationen:<br \/>\n<a href=\"https:\/\/www.ultimahora.es\/noticias\/local\/2022\/09\/20\/1795753\/dos-hoteleros-jefe-bar-medallas-oro-del-fomento-turismo-2022.html\">https:\/\/www.ultimahora.es\/noticias\/local\/2022\/09\/20\/1795753\/dos-hoteleros-jefe-bar-medallas-oro-del-fomento-turismo-2022.html<\/a><\/p>\n","protected":false},"excerpt":{"rendered":"<p>Das Hotel Cala Fornells wurde soeben vom Tourismusverband Mallorca (Fomento del Turismo de Mallorca) ausgezeichnet, \u201ef\u00fcr sein 75-j\u00e4hriges Jubil\u00e4um und seine Rolle als Referenz im Gebiet von Peguera w\u00e4hrend seiner gesamten Laufbahn sowie f\u00fcr seinen positiven Einfluss auf das Image der Insel als touristisches Beherbergungsangebot\u201c. Ebenfalls ausgezeichnet wurden das Hotel Nixe Palace und die Fassadenrenovierung&#8230;<\/p>\n","protected":false},"author":1,"featured_media":9424,"comment_status":"closed","ping_status":"closed","sticky":false,"template":"","format":"standard","meta":{"footnotes":""},"categories":[20],"tags":[],"class_list":["post-13366","post","type-post","status-publish","format-standard","has-post-thumbnail","hentry","category-sin-categoria-de"],"yoast_head":"<!-- This site is optimized with the Yoast SEO plugin v27.5 - https:\/\/yoast.com\/product\/yoast-seo-wordpress\/ -->\n<title>Das Hotel Cala Fornells erh\u00e4lt eine Anerkennung von Fomento del Turismo de Mallorca | Hotel Cala Fornells<\/title>\n<meta name=\"robots\" content=\"index, follow, max-snippet:-1, max-image-preview:large, max-video-preview:-1\" \/>\n<link rel=\"canonical\" href=\"https:\/\/www.calafornells.com\/de\/das-hotel-cala-fornells-erhaelt-eine-anerkennung-von-fomento-del-turismo-de-mallorca\/\" \/>\n<meta property=\"og:locale\" content=\"de_DE\" \/>\n<meta property=\"og:type\" content=\"article\" \/>\n<meta property=\"og:title\" content=\"Das Hotel Cala Fornells erh\u00e4lt eine Anerkennung von Fomento del Turismo de Mallorca | Hotel Cala Fornells\" \/>\n<meta property=\"og:description\" content=\"Das Hotel Cala Fornells wurde soeben vom Tourismusverband Mallorca (Fomento del Turismo de Mallorca) ausgezeichnet, \u201ef\u00fcr sein 75-j\u00e4hriges Jubil\u00e4um und seine Rolle als Referenz im Gebiet von Peguera w\u00e4hrend seiner gesamten Laufbahn sowie f\u00fcr seinen positiven Einfluss auf das Image der Insel als touristisches Beherbergungsangebot\u201c. Ebenfalls ausgezeichnet wurden das Hotel Nixe Palace und die Fassadenrenovierung...\" \/>\n<meta property=\"og:url\" content=\"https:\/\/www.calafornells.com\/de\/das-hotel-cala-fornells-erhaelt-eine-anerkennung-von-fomento-del-turismo-de-mallorca\/\" \/>\n<meta property=\"og:site_name\" content=\"Hotel Cala Fornells\" \/>\n<meta property=\"article:publisher\" content=\"https:\/\/www.facebook.com\/hotel.calafornells\/\" \/>\n<meta property=\"article:published_time\" content=\"2022-09-21T12:18:56+00:00\" \/>\n<meta property=\"article:modified_time\" content=\"2026-03-16T12:36:55+00:00\" \/>\n<meta property=\"og:image\" content=\"https:\/\/www.calafornells.com\/wp-content\/uploads\/2014\/04\/hotel-cala-fornells-historia-4.jpg\" \/>\n\t<meta property=\"og:image:width\" content=\"1920\" \/>\n\t<meta property=\"og:image:height\" content=\"1080\" \/>\n\t<meta property=\"og:image:type\" content=\"image\/jpeg\" \/>\n<meta name=\"author\" content=\"calafor\" \/>\n<meta name=\"twitter:card\" content=\"summary_large_image\" \/>\n<meta name=\"twitter:label1\" content=\"Verfasst von\" \/>\n\t<meta name=\"twitter:data1\" content=\"calafor\" \/>\n\t<meta name=\"twitter:label2\" content=\"Gesch\u00e4tzte Lesezeit\" \/>\n\t<meta name=\"twitter:data2\" content=\"1\u00a0Minute\" \/>\n<script type=\"application\/ld+json\" class=\"yoast-schema-graph\">{\"@context\":\"https:\\\/\\\/schema.org\",\"@graph\":[{\"@type\":\"Article\",\"@id\":\"https:\\\/\\\/www.calafornells.com\\\/de\\\/das-hotel-cala-fornells-erhaelt-eine-anerkennung-von-fomento-del-turismo-de-mallorca\\\/#article\",\"isPartOf\":{\"@id\":\"https:\\\/\\\/www.calafornells.com\\\/de\\\/das-hotel-cala-fornells-erhaelt-eine-anerkennung-von-fomento-del-turismo-de-mallorca\\\/\"},\"author\":{\"name\":\"calafor\",\"@id\":\"https:\\\/\\\/www.calafornells.com\\\/#\\\/schema\\\/person\\\/e33ee564907e2ec1720f3a7624f17f4f\"},\"headline\":\"Das Hotel Cala Fornells erh\u00e4lt eine Anerkennung von Fomento del Turismo de Mallorca\",\"datePublished\":\"2022-09-21T12:18:56+00:00\",\"dateModified\":\"2026-03-16T12:36:55+00:00\",\"mainEntityOfPage\":{\"@id\":\"https:\\\/\\\/www.calafornells.com\\\/de\\\/das-hotel-cala-fornells-erhaelt-eine-anerkennung-von-fomento-del-turismo-de-mallorca\\\/\"},\"wordCount\":118,\"publisher\":{\"@id\":\"https:\\\/\\\/www.calafornells.com\\\/#organization\"},\"image\":{\"@id\":\"https:\\\/\\\/www.calafornells.com\\\/de\\\/das-hotel-cala-fornells-erhaelt-eine-anerkennung-von-fomento-del-turismo-de-mallorca\\\/#primaryimage\"},\"thumbnailUrl\":\"https:\\\/\\\/www.calafornells.com\\\/wp-content\\\/uploads\\\/2014\\\/04\\\/hotel-cala-fornells-historia-4.jpg\",\"articleSection\":[\"Sin categor\u00eda\"],\"inLanguage\":\"de\"},{\"@type\":\"WebPage\",\"@id\":\"https:\\\/\\\/www.calafornells.com\\\/de\\\/das-hotel-cala-fornells-erhaelt-eine-anerkennung-von-fomento-del-turismo-de-mallorca\\\/\",\"url\":\"https:\\\/\\\/www.calafornells.com\\\/de\\\/das-hotel-cala-fornells-erhaelt-eine-anerkennung-von-fomento-del-turismo-de-mallorca\\\/\",\"name\":\"Das Hotel Cala Fornells erh\u00e4lt eine Anerkennung von Fomento del Turismo de Mallorca | Hotel Cala Fornells\",\"isPartOf\":{\"@id\":\"https:\\\/\\\/www.calafornells.com\\\/#website\"},\"primaryImageOfPage\":{\"@id\":\"https:\\\/\\\/www.calafornells.com\\\/de\\\/das-hotel-cala-fornells-erhaelt-eine-anerkennung-von-fomento-del-turismo-de-mallorca\\\/#primaryimage\"},\"image\":{\"@id\":\"https:\\\/\\\/www.calafornells.com\\\/de\\\/das-hotel-cala-fornells-erhaelt-eine-anerkennung-von-fomento-del-turismo-de-mallorca\\\/#primaryimage\"},\"thumbnailUrl\":\"https:\\\/\\\/www.calafornells.com\\\/wp-content\\\/uploads\\\/2014\\\/04\\\/hotel-cala-fornells-historia-4.jpg\",\"datePublished\":\"2022-09-21T12:18:56+00:00\",\"dateModified\":\"2026-03-16T12:36:55+00:00\",\"breadcrumb\":{\"@id\":\"https:\\\/\\\/www.calafornells.com\\\/de\\\/das-hotel-cala-fornells-erhaelt-eine-anerkennung-von-fomento-del-turismo-de-mallorca\\\/#breadcrumb\"},\"inLanguage\":\"de\",\"potentialAction\":[{\"@type\":\"ReadAction\",\"target\":[\"https:\\\/\\\/www.calafornells.com\\\/de\\\/das-hotel-cala-fornells-erhaelt-eine-anerkennung-von-fomento-del-turismo-de-mallorca\\\/\"]}]},{\"@type\":\"ImageObject\",\"inLanguage\":\"de\",\"@id\":\"https:\\\/\\\/www.calafornells.com\\\/de\\\/das-hotel-cala-fornells-erhaelt-eine-anerkennung-von-fomento-del-turismo-de-mallorca\\\/#primaryimage\",\"url\":\"https:\\\/\\\/www.calafornells.com\\\/wp-content\\\/uploads\\\/2014\\\/04\\\/hotel-cala-fornells-historia-4.jpg\",\"contentUrl\":\"https:\\\/\\\/www.calafornells.com\\\/wp-content\\\/uploads\\\/2014\\\/04\\\/hotel-cala-fornells-historia-4.jpg\",\"width\":1920,\"height\":1080},{\"@type\":\"BreadcrumbList\",\"@id\":\"https:\\\/\\\/www.calafornells.com\\\/de\\\/das-hotel-cala-fornells-erhaelt-eine-anerkennung-von-fomento-del-turismo-de-mallorca\\\/#breadcrumb\",\"itemListElement\":[{\"@type\":\"ListItem\",\"position\":1,\"name\":\"Portada\",\"item\":\"https:\\\/\\\/www.calafornells.com\\\/de\\\/\"},{\"@type\":\"ListItem\",\"position\":2,\"name\":\"Das Hotel Cala Fornells erh\u00e4lt eine Anerkennung von Fomento del Turismo de Mallorca\"}]},{\"@type\":\"WebSite\",\"@id\":\"https:\\\/\\\/www.calafornells.com\\\/#website\",\"url\":\"https:\\\/\\\/www.calafornells.com\\\/\",\"name\":\"Hotel Cala Fornells\",\"description\":\"4* Paguera Mallorca | Offizielle Website | Bester Preis Online Garantiert\",\"publisher\":{\"@id\":\"https:\\\/\\\/www.calafornells.com\\\/#organization\"},\"potentialAction\":[{\"@type\":\"SearchAction\",\"target\":{\"@type\":\"EntryPoint\",\"urlTemplate\":\"https:\\\/\\\/www.calafornells.com\\\/?s={search_term_string}\"},\"query-input\":{\"@type\":\"PropertyValueSpecification\",\"valueRequired\":true,\"valueName\":\"search_term_string\"}}],\"inLanguage\":\"de\"},{\"@type\":\"Organization\",\"@id\":\"https:\\\/\\\/www.calafornells.com\\\/#organization\",\"name\":\"Hotel Cala Fornells\",\"url\":\"https:\\\/\\\/www.calafornells.com\\\/\",\"logo\":{\"@type\":\"ImageObject\",\"inLanguage\":\"de\",\"@id\":\"https:\\\/\\\/www.calafornells.com\\\/#\\\/schema\\\/logo\\\/image\\\/\",\"url\":\"\",\"contentUrl\":\"\",\"caption\":\"Hotel Cala Fornells\"},\"image\":{\"@id\":\"https:\\\/\\\/www.calafornells.com\\\/#\\\/schema\\\/logo\\\/image\\\/\"},\"sameAs\":[\"https:\\\/\\\/www.facebook.com\\\/hotel.calafornells\\\/\",\"https:\\\/\\\/www.instagram.com\\\/hotelcalafornells\\\/\"]},{\"@type\":\"Person\",\"@id\":\"https:\\\/\\\/www.calafornells.com\\\/#\\\/schema\\\/person\\\/e33ee564907e2ec1720f3a7624f17f4f\",\"name\":\"calafor\"}]}<\/script>\n<!-- \/ Yoast SEO plugin. -->","yoast_head_json":{"title":"Das Hotel Cala Fornells erh\u00e4lt eine Anerkennung von Fomento del Turismo de Mallorca | Hotel Cala Fornells","robots":{"index":"index","follow":"follow","max-snippet":"max-snippet:-1","max-image-preview":"max-image-preview:large","max-video-preview":"max-video-preview:-1"},"canonical":"https:\/\/www.calafornells.com\/de\/das-hotel-cala-fornells-erhaelt-eine-anerkennung-von-fomento-del-turismo-de-mallorca\/","og_locale":"de_DE","og_type":"article","og_title":"Das Hotel Cala Fornells erh\u00e4lt eine Anerkennung von Fomento del Turismo de Mallorca | Hotel Cala Fornells","og_description":"Das Hotel Cala Fornells wurde soeben vom Tourismusverband Mallorca (Fomento del Turismo de Mallorca) ausgezeichnet, \u201ef\u00fcr sein 75-j\u00e4hriges Jubil\u00e4um und seine Rolle als Referenz im Gebiet von Peguera w\u00e4hrend seiner gesamten Laufbahn sowie f\u00fcr seinen positiven Einfluss auf das Image der Insel als touristisches Beherbergungsangebot\u201c. Ebenfalls ausgezeichnet wurden das Hotel Nixe Palace und die Fassadenrenovierung...","og_url":"https:\/\/www.calafornells.com\/de\/das-hotel-cala-fornells-erhaelt-eine-anerkennung-von-fomento-del-turismo-de-mallorca\/","og_site_name":"Hotel Cala Fornells","article_publisher":"https:\/\/www.facebook.com\/hotel.calafornells\/","article_published_time":"2022-09-21T12:18:56+00:00","article_modified_time":"2026-03-16T12:36:55+00:00","og_image":[{"width":1920,"height":1080,"url":"https:\/\/www.calafornells.com\/wp-content\/uploads\/2014\/04\/hotel-cala-fornells-historia-4.jpg","type":"image\/jpeg"}],"author":"calafor","twitter_card":"summary_large_image","twitter_misc":{"Verfasst von":"calafor","Gesch\u00e4tzte Lesezeit":"1\u00a0Minute"},"schema":{"@context":"https:\/\/schema.org","@graph":[{"@type":"Article","@id":"https:\/\/www.calafornells.com\/de\/das-hotel-cala-fornells-erhaelt-eine-anerkennung-von-fomento-del-turismo-de-mallorca\/#article","isPartOf":{"@id":"https:\/\/www.calafornells.com\/de\/das-hotel-cala-fornells-erhaelt-eine-anerkennung-von-fomento-del-turismo-de-mallorca\/"},"author":{"name":"calafor","@id":"https:\/\/www.calafornells.com\/#\/schema\/person\/e33ee564907e2ec1720f3a7624f17f4f"},"headline":"Das Hotel Cala Fornells erh\u00e4lt eine Anerkennung von Fomento del Turismo de Mallorca","datePublished":"2022-09-21T12:18:56+00:00","dateModified":"2026-03-16T12:36:55+00:00","mainEntityOfPage":{"@id":"https:\/\/www.calafornells.com\/de\/das-hotel-cala-fornells-erhaelt-eine-anerkennung-von-fomento-del-turismo-de-mallorca\/"},"wordCount":118,"publisher":{"@id":"https:\/\/www.calafornells.com\/#organization"},"image":{"@id":"https:\/\/www.calafornells.com\/de\/das-hotel-cala-fornells-erhaelt-eine-anerkennung-von-fomento-del-turismo-de-mallorca\/#primaryimage"},"thumbnailUrl":"https:\/\/www.calafornells.com\/wp-content\/uploads\/2014\/04\/hotel-cala-fornells-historia-4.jpg","articleSection":["Sin categor\u00eda"],"inLanguage":"de"},{"@type":"WebPage","@id":"https:\/\/www.calafornells.com\/de\/das-hotel-cala-fornells-erhaelt-eine-anerkennung-von-fomento-del-turismo-de-mallorca\/","url":"https:\/\/www.calafornells.com\/de\/das-hotel-cala-fornells-erhaelt-eine-anerkennung-von-fomento-del-turismo-de-mallorca\/","name":"Das Hotel Cala Fornells erh\u00e4lt eine Anerkennung von Fomento del Turismo de Mallorca | Hotel Cala Fornells","isPartOf":{"@id":"https:\/\/www.calafornells.com\/#website"},"primaryImageOfPage":{"@id":"https:\/\/www.calafornells.com\/de\/das-hotel-cala-fornells-erhaelt-eine-anerkennung-von-fomento-del-turismo-de-mallorca\/#primaryimage"},"image":{"@id":"https:\/\/www.calafornells.com\/de\/das-hotel-cala-fornells-erhaelt-eine-anerkennung-von-fomento-del-turismo-de-mallorca\/#primaryimage"},"thumbnailUrl":"https:\/\/www.calafornells.com\/wp-content\/uploads\/2014\/04\/hotel-cala-fornells-historia-4.jpg","datePublished":"2022-09-21T12:18:56+00:00","dateModified":"2026-03-16T12:36:55+00:00","breadcrumb":{"@id":"https:\/\/www.calafornells.com\/de\/das-hotel-cala-fornells-erhaelt-eine-anerkennung-von-fomento-del-turismo-de-mallorca\/#breadcrumb"},"inLanguage":"de","potentialAction":[{"@type":"ReadAction","target":["https:\/\/www.calafornells.com\/de\/das-hotel-cala-fornells-erhaelt-eine-anerkennung-von-fomento-del-turismo-de-mallorca\/"]}]},{"@type":"ImageObject","inLanguage":"de","@id":"https:\/\/www.calafornells.com\/de\/das-hotel-cala-fornells-erhaelt-eine-anerkennung-von-fomento-del-turismo-de-mallorca\/#primaryimage","url":"https:\/\/www.calafornells.com\/wp-content\/uploads\/2014\/04\/hotel-cala-fornells-historia-4.jpg","contentUrl":"https:\/\/www.calafornells.com\/wp-content\/uploads\/2014\/04\/hotel-cala-fornells-historia-4.jpg","width":1920,"height":1080},{"@type":"BreadcrumbList","@id":"https:\/\/www.calafornells.com\/de\/das-hotel-cala-fornells-erhaelt-eine-anerkennung-von-fomento-del-turismo-de-mallorca\/#breadcrumb","itemListElement":[{"@type":"ListItem","position":1,"name":"Portada","item":"https:\/\/www.calafornells.com\/de\/"},{"@type":"ListItem","position":2,"name":"Das Hotel Cala Fornells erh\u00e4lt eine Anerkennung von Fomento del Turismo de Mallorca"}]},{"@type":"WebSite","@id":"https:\/\/www.calafornells.com\/#website","url":"https:\/\/www.calafornells.com\/","name":"Hotel Cala Fornells","description":"4* Paguera Mallorca | Offizielle Website | Bester Preis Online Garantiert","publisher":{"@id":"https:\/\/www.calafornells.com\/#organization"},"potentialAction":[{"@type":"SearchAction","target":{"@type":"EntryPoint","urlTemplate":"https:\/\/www.calafornells.com\/?s={search_term_string}"},"query-input":{"@type":"PropertyValueSpecification","valueRequired":true,"valueName":"search_term_string"}}],"inLanguage":"de"},{"@type":"Organization","@id":"https:\/\/www.calafornells.com\/#organization","name":"Hotel Cala Fornells","url":"https:\/\/www.calafornells.com\/","logo":{"@type":"ImageObject","inLanguage":"de","@id":"https:\/\/www.calafornells.com\/#\/schema\/logo\/image\/","url":"","contentUrl":"","caption":"Hotel Cala Fornells"},"image":{"@id":"https:\/\/www.calafornells.com\/#\/schema\/logo\/image\/"},"sameAs":["https:\/\/www.facebook.com\/hotel.calafornells\/","https:\/\/www.instagram.com\/hotelcalafornells\/"]},{"@type":"Person","@id":"https:\/\/www.calafornells.com\/#\/schema\/person\/e33ee564907e2ec1720f3a7624f17f4f","name":"calafor"}]}},"_links":{"self":[{"href":"https:\/\/www.calafornells.com\/de\/wp-json\/wp\/v2\/posts\/13366","targetHints":{"allow":["GET"]}}],"collection":[{"href":"https:\/\/www.calafornells.com\/de\/wp-json\/wp\/v2\/posts"}],"about":[{"href":"https:\/\/www.calafornells.com\/de\/wp-json\/wp\/v2\/types\/post"}],"author":[{"embeddable":true,"href":"https:\/\/www.calafornells.com\/de\/wp-json\/wp\/v2\/users\/1"}],"replies":[{"embeddable":true,"href":"https:\/\/www.calafornells.com\/de\/wp-json\/wp\/v2\/comments?post=13366"}],"version-history":[{"count":3,"href":"https:\/\/www.calafornells.com\/de\/wp-json\/wp\/v2\/posts\/13366\/revisions"}],"predecessor-version":[{"id":14512,"href":"https:\/\/www.calafornells.com\/de\/wp-json\/wp\/v2\/posts\/13366\/revisions\/14512"}],"wp:featuredmedia":[{"embeddable":true,"href":"https:\/\/www.calafornells.com\/de\/wp-json\/wp\/v2\/media\/9424"}],"wp:attachment":[{"href":"https:\/\/www.calafornells.com\/de\/wp-json\/wp\/v2\/media?parent=13366"}],"wp:term":[{"taxonomy":"category","embeddable":true,"href":"https:\/\/www.calafornells.com\/de\/wp-json\/wp\/v2\/categories?post=13366"},{"taxonomy":"post_tag","embeddable":true,"href":"https:\/\/www.calafornells.com\/de\/wp-json\/wp\/v2\/tags?post=13366"}],"curies":[{"name":"wp","href":"https:\/\/api.w.org\/{rel}","templated":true}]}}