{"id":14492,"date":"2026-03-14T16:55:13","date_gmt":"2026-03-14T15:55:13","guid":{"rendered":"https:\/\/www.calafornells.com\/cala-fornells-awakens-again-with-the-new-season\/"},"modified":"2026-03-16T12:03:34","modified_gmt":"2026-03-16T11:03:34","slug":"cala-fornells-erwacht-mit-der-neuen-saison","status":"publish","type":"post","link":"https:\/\/www.calafornells.com\/de\/cala-fornells-erwacht-mit-der-neuen-saison\/","title":{"rendered":"Cala Fornells erwacht mit der neuen Saison"},"content":{"rendered":"<p>Mit der Ankunft des Fr\u00fchlings erwacht Cala Fornells langsam wieder zum Leben. Die Tage werden l\u00e4nger, das mediterrane Licht erf\u00fcllt erneut die Bucht, und dieser kleine Ort auf Mallorca findet zu seinem ruhigen Rhythmus zur\u00fcck, der ihn so besonders macht.<\/p>\n<p>Im <strong>Hotel Cala Fornells<\/strong> hat diese Zeit des Jahres eine ganz besondere Bedeutung. Nach den ruhigeren Wintermonaten markiert der Beginn der neuen Saison den Start eines weiteren Sommers am Meer \u2013 mit derselben Gastfreundschaft, die unser familiengef\u00fchrtes Hotel seit 1947 pr\u00e4gt.<\/p>\n<p>Die Terrasse f\u00fcllt sich wieder mit Leben, die ersten B\u00e4der im Meer k\u00fcndigen den Sommer an und die Bucht gewinnt nach und nach jene entspannte Atmosph\u00e4re zur\u00fcck, die so viele unserer G\u00e4ste Jahr f\u00fcr Jahr sch\u00e4tzen.<\/p>\n<p>Wie zu Beginn jeder Saison bereitet sich unser Team darauf vor, seine G\u00e4ste erneut mit der gleichen herzlichen und pers\u00f6nlichen Aufmerksamkeit willkommen zu hei\u00dfen, die das Hotel Cala Fornells seit jeher auszeichnet \u2013 ein mediterranes Hotel, das seit drei Generationen von derselben Familie gef\u00fchrt wird.<\/p>\n<p>F\u00fcr viele unserer Stammg\u00e4ste bedeutet dieser Moment auch die R\u00fcckkehr an einen Ort, der sich fast wie ein zweites Zuhause anf\u00fchlt. Einige besuchen uns bereits seit Jahrzehnten und sind l\u00e4ngst Teil der Geschichte <a href=\"https:\/\/www.calafornells.com\/de\/geschichte\/\">unseres Hauses geworden<\/a>.<\/p>\n<p>Mit dem Beginn dieser neuen Saison beginnt ein weiteres Kapitel einer Geschichte, die vor mehr als siebzig Jahren mit Blick auf die Bucht von Cala Fornells begann.<\/p>\n<p><strong>Wir freuen uns darauf, Sie wieder bei uns willkommen zu hei\u00dfen und gemeinsam den mediterranen Sommer zu genie\u00dfen.<\/strong><\/p>\n<p><em>Foto aufgenommen am Sonntag, den 22. Februar 2026<\/em><\/p>\n","protected":false},"excerpt":{"rendered":"<p>Mit der Ankunft des Fr\u00fchlings erwacht Cala Fornells langsam wieder zum Leben. Die Tage werden l\u00e4nger, das mediterrane Licht erf\u00fcllt erneut die Bucht, und dieser kleine Ort auf Mallorca findet zu seinem ruhigen Rhythmus zur\u00fcck, der ihn so besonders macht. Im Hotel Cala Fornells hat diese Zeit des Jahres eine ganz besondere Bedeutung. Nach den&#8230;<\/p>\n","protected":false},"author":1,"featured_media":14456,"comment_status":"closed","ping_status":"closed","sticky":false,"template":"","format":"standard","meta":{"footnotes":""},"categories":[20],"tags":[],"class_list":["post-14492","post","type-post","status-publish","format-standard","has-post-thumbnail","hentry","category-sin-categoria-de"],"yoast_head":"<!-- This site is optimized with the Yoast SEO plugin v27.5 - https:\/\/yoast.com\/product\/yoast-seo-wordpress\/ -->\n<title>Cala Fornells erwacht mit der neuen Saison | Hotel Cala Fornells<\/title>\n<meta name=\"robots\" content=\"index, follow, max-snippet:-1, max-image-preview:large, max-video-preview:-1\" \/>\n<link rel=\"canonical\" href=\"https:\/\/www.calafornells.com\/de\/cala-fornells-erwacht-mit-der-neuen-saison\/\" \/>\n<meta property=\"og:locale\" content=\"de_DE\" \/>\n<meta property=\"og:type\" content=\"article\" \/>\n<meta property=\"og:title\" content=\"Cala Fornells erwacht mit der neuen Saison | Hotel Cala Fornells\" \/>\n<meta property=\"og:description\" content=\"Mit der Ankunft des Fr\u00fchlings erwacht Cala Fornells langsam wieder zum Leben. Die Tage werden l\u00e4nger, das mediterrane Licht erf\u00fcllt erneut die Bucht, und dieser kleine Ort auf Mallorca findet zu seinem ruhigen Rhythmus zur\u00fcck, der ihn so besonders macht. Im Hotel Cala Fornells hat diese Zeit des Jahres eine ganz besondere Bedeutung. Nach den...\" \/>\n<meta property=\"og:url\" content=\"https:\/\/www.calafornells.com\/de\/cala-fornells-erwacht-mit-der-neuen-saison\/\" \/>\n<meta property=\"og:site_name\" content=\"Hotel Cala Fornells\" \/>\n<meta property=\"article:publisher\" content=\"https:\/\/www.facebook.com\/hotel.calafornells\/\" \/>\n<meta property=\"article:published_time\" content=\"2026-03-14T15:55:13+00:00\" \/>\n<meta property=\"article:modified_time\" content=\"2026-03-16T11:03:34+00:00\" \/>\n<meta property=\"og:image\" content=\"https:\/\/www.calafornells.com\/wp-content\/uploads\/2026\/03\/hotel-cala-fornells-primavera-2026.jpg\" \/>\n\t<meta property=\"og:image:width\" content=\"1599\" \/>\n\t<meta property=\"og:image:height\" content=\"899\" \/>\n\t<meta property=\"og:image:type\" content=\"image\/jpeg\" \/>\n<meta name=\"author\" content=\"calafor\" \/>\n<meta name=\"twitter:card\" content=\"summary_large_image\" \/>\n<meta name=\"twitter:label1\" content=\"Verfasst von\" \/>\n\t<meta name=\"twitter:data1\" content=\"calafor\" \/>\n\t<meta name=\"twitter:label2\" content=\"Gesch\u00e4tzte Lesezeit\" \/>\n\t<meta name=\"twitter:data2\" content=\"1\u00a0Minute\" \/>\n<script type=\"application\/ld+json\" class=\"yoast-schema-graph\">{\"@context\":\"https:\\\/\\\/schema.org\",\"@graph\":[{\"@type\":\"Article\",\"@id\":\"https:\\\/\\\/www.calafornells.com\\\/de\\\/cala-fornells-erwacht-mit-der-neuen-saison\\\/#article\",\"isPartOf\":{\"@id\":\"https:\\\/\\\/www.calafornells.com\\\/de\\\/cala-fornells-erwacht-mit-der-neuen-saison\\\/\"},\"author\":{\"name\":\"calafor\",\"@id\":\"https:\\\/\\\/www.calafornells.com\\\/#\\\/schema\\\/person\\\/e33ee564907e2ec1720f3a7624f17f4f\"},\"headline\":\"Cala Fornells erwacht mit der neuen Saison\",\"datePublished\":\"2026-03-14T15:55:13+00:00\",\"dateModified\":\"2026-03-16T11:03:34+00:00\",\"mainEntityOfPage\":{\"@id\":\"https:\\\/\\\/www.calafornells.com\\\/de\\\/cala-fornells-erwacht-mit-der-neuen-saison\\\/\"},\"wordCount\":278,\"publisher\":{\"@id\":\"https:\\\/\\\/www.calafornells.com\\\/#organization\"},\"image\":{\"@id\":\"https:\\\/\\\/www.calafornells.com\\\/de\\\/cala-fornells-erwacht-mit-der-neuen-saison\\\/#primaryimage\"},\"thumbnailUrl\":\"https:\\\/\\\/www.calafornells.com\\\/wp-content\\\/uploads\\\/2026\\\/03\\\/hotel-cala-fornells-primavera-2026.jpg\",\"articleSection\":[\"Sin categor\u00eda\"],\"inLanguage\":\"de\"},{\"@type\":\"WebPage\",\"@id\":\"https:\\\/\\\/www.calafornells.com\\\/de\\\/cala-fornells-erwacht-mit-der-neuen-saison\\\/\",\"url\":\"https:\\\/\\\/www.calafornells.com\\\/de\\\/cala-fornells-erwacht-mit-der-neuen-saison\\\/\",\"name\":\"Cala Fornells erwacht mit der neuen Saison | Hotel Cala Fornells\",\"isPartOf\":{\"@id\":\"https:\\\/\\\/www.calafornells.com\\\/#website\"},\"primaryImageOfPage\":{\"@id\":\"https:\\\/\\\/www.calafornells.com\\\/de\\\/cala-fornells-erwacht-mit-der-neuen-saison\\\/#primaryimage\"},\"image\":{\"@id\":\"https:\\\/\\\/www.calafornells.com\\\/de\\\/cala-fornells-erwacht-mit-der-neuen-saison\\\/#primaryimage\"},\"thumbnailUrl\":\"https:\\\/\\\/www.calafornells.com\\\/wp-content\\\/uploads\\\/2026\\\/03\\\/hotel-cala-fornells-primavera-2026.jpg\",\"datePublished\":\"2026-03-14T15:55:13+00:00\",\"dateModified\":\"2026-03-16T11:03:34+00:00\",\"breadcrumb\":{\"@id\":\"https:\\\/\\\/www.calafornells.com\\\/de\\\/cala-fornells-erwacht-mit-der-neuen-saison\\\/#breadcrumb\"},\"inLanguage\":\"de\",\"potentialAction\":[{\"@type\":\"ReadAction\",\"target\":[\"https:\\\/\\\/www.calafornells.com\\\/de\\\/cala-fornells-erwacht-mit-der-neuen-saison\\\/\"]}]},{\"@type\":\"ImageObject\",\"inLanguage\":\"de\",\"@id\":\"https:\\\/\\\/www.calafornells.com\\\/de\\\/cala-fornells-erwacht-mit-der-neuen-saison\\\/#primaryimage\",\"url\":\"https:\\\/\\\/www.calafornells.com\\\/wp-content\\\/uploads\\\/2026\\\/03\\\/hotel-cala-fornells-primavera-2026.jpg\",\"contentUrl\":\"https:\\\/\\\/www.calafornells.com\\\/wp-content\\\/uploads\\\/2026\\\/03\\\/hotel-cala-fornells-primavera-2026.jpg\",\"width\":1599,\"height\":899},{\"@type\":\"BreadcrumbList\",\"@id\":\"https:\\\/\\\/www.calafornells.com\\\/de\\\/cala-fornells-erwacht-mit-der-neuen-saison\\\/#breadcrumb\",\"itemListElement\":[{\"@type\":\"ListItem\",\"position\":1,\"name\":\"Portada\",\"item\":\"https:\\\/\\\/www.calafornells.com\\\/de\\\/\"},{\"@type\":\"ListItem\",\"position\":2,\"name\":\"Cala Fornells erwacht mit der neuen Saison\"}]},{\"@type\":\"WebSite\",\"@id\":\"https:\\\/\\\/www.calafornells.com\\\/#website\",\"url\":\"https:\\\/\\\/www.calafornells.com\\\/\",\"name\":\"Hotel Cala Fornells\",\"description\":\"4* Paguera Mallorca | Offizielle Website | Bester Preis Online Garantiert\",\"publisher\":{\"@id\":\"https:\\\/\\\/www.calafornells.com\\\/#organization\"},\"potentialAction\":[{\"@type\":\"SearchAction\",\"target\":{\"@type\":\"EntryPoint\",\"urlTemplate\":\"https:\\\/\\\/www.calafornells.com\\\/?s={search_term_string}\"},\"query-input\":{\"@type\":\"PropertyValueSpecification\",\"valueRequired\":true,\"valueName\":\"search_term_string\"}}],\"inLanguage\":\"de\"},{\"@type\":\"Organization\",\"@id\":\"https:\\\/\\\/www.calafornells.com\\\/#organization\",\"name\":\"Hotel Cala Fornells\",\"url\":\"https:\\\/\\\/www.calafornells.com\\\/\",\"logo\":{\"@type\":\"ImageObject\",\"inLanguage\":\"de\",\"@id\":\"https:\\\/\\\/www.calafornells.com\\\/#\\\/schema\\\/logo\\\/image\\\/\",\"url\":\"\",\"contentUrl\":\"\",\"caption\":\"Hotel Cala Fornells\"},\"image\":{\"@id\":\"https:\\\/\\\/www.calafornells.com\\\/#\\\/schema\\\/logo\\\/image\\\/\"},\"sameAs\":[\"https:\\\/\\\/www.facebook.com\\\/hotel.calafornells\\\/\",\"https:\\\/\\\/www.instagram.com\\\/hotelcalafornells\\\/\"]},{\"@type\":\"Person\",\"@id\":\"https:\\\/\\\/www.calafornells.com\\\/#\\\/schema\\\/person\\\/e33ee564907e2ec1720f3a7624f17f4f\",\"name\":\"calafor\"}]}<\/script>\n<!-- \/ Yoast SEO plugin. -->","yoast_head_json":{"title":"Cala Fornells erwacht mit der neuen Saison | Hotel Cala Fornells","robots":{"index":"index","follow":"follow","max-snippet":"max-snippet:-1","max-image-preview":"max-image-preview:large","max-video-preview":"max-video-preview:-1"},"canonical":"https:\/\/www.calafornells.com\/de\/cala-fornells-erwacht-mit-der-neuen-saison\/","og_locale":"de_DE","og_type":"article","og_title":"Cala Fornells erwacht mit der neuen Saison | Hotel Cala Fornells","og_description":"Mit der Ankunft des Fr\u00fchlings erwacht Cala Fornells langsam wieder zum Leben. Die Tage werden l\u00e4nger, das mediterrane Licht erf\u00fcllt erneut die Bucht, und dieser kleine Ort auf Mallorca findet zu seinem ruhigen Rhythmus zur\u00fcck, der ihn so besonders macht. Im Hotel Cala Fornells hat diese Zeit des Jahres eine ganz besondere Bedeutung. Nach den...","og_url":"https:\/\/www.calafornells.com\/de\/cala-fornells-erwacht-mit-der-neuen-saison\/","og_site_name":"Hotel Cala Fornells","article_publisher":"https:\/\/www.facebook.com\/hotel.calafornells\/","article_published_time":"2026-03-14T15:55:13+00:00","article_modified_time":"2026-03-16T11:03:34+00:00","og_image":[{"width":1599,"height":899,"url":"https:\/\/www.calafornells.com\/wp-content\/uploads\/2026\/03\/hotel-cala-fornells-primavera-2026.jpg","type":"image\/jpeg"}],"author":"calafor","twitter_card":"summary_large_image","twitter_misc":{"Verfasst von":"calafor","Gesch\u00e4tzte Lesezeit":"1\u00a0Minute"},"schema":{"@context":"https:\/\/schema.org","@graph":[{"@type":"Article","@id":"https:\/\/www.calafornells.com\/de\/cala-fornells-erwacht-mit-der-neuen-saison\/#article","isPartOf":{"@id":"https:\/\/www.calafornells.com\/de\/cala-fornells-erwacht-mit-der-neuen-saison\/"},"author":{"name":"calafor","@id":"https:\/\/www.calafornells.com\/#\/schema\/person\/e33ee564907e2ec1720f3a7624f17f4f"},"headline":"Cala Fornells erwacht mit der neuen Saison","datePublished":"2026-03-14T15:55:13+00:00","dateModified":"2026-03-16T11:03:34+00:00","mainEntityOfPage":{"@id":"https:\/\/www.calafornells.com\/de\/cala-fornells-erwacht-mit-der-neuen-saison\/"},"wordCount":278,"publisher":{"@id":"https:\/\/www.calafornells.com\/#organization"},"image":{"@id":"https:\/\/www.calafornells.com\/de\/cala-fornells-erwacht-mit-der-neuen-saison\/#primaryimage"},"thumbnailUrl":"https:\/\/www.calafornells.com\/wp-content\/uploads\/2026\/03\/hotel-cala-fornells-primavera-2026.jpg","articleSection":["Sin categor\u00eda"],"inLanguage":"de"},{"@type":"WebPage","@id":"https:\/\/www.calafornells.com\/de\/cala-fornells-erwacht-mit-der-neuen-saison\/","url":"https:\/\/www.calafornells.com\/de\/cala-fornells-erwacht-mit-der-neuen-saison\/","name":"Cala Fornells erwacht mit der neuen Saison | Hotel Cala Fornells","isPartOf":{"@id":"https:\/\/www.calafornells.com\/#website"},"primaryImageOfPage":{"@id":"https:\/\/www.calafornells.com\/de\/cala-fornells-erwacht-mit-der-neuen-saison\/#primaryimage"},"image":{"@id":"https:\/\/www.calafornells.com\/de\/cala-fornells-erwacht-mit-der-neuen-saison\/#primaryimage"},"thumbnailUrl":"https:\/\/www.calafornells.com\/wp-content\/uploads\/2026\/03\/hotel-cala-fornells-primavera-2026.jpg","datePublished":"2026-03-14T15:55:13+00:00","dateModified":"2026-03-16T11:03:34+00:00","breadcrumb":{"@id":"https:\/\/www.calafornells.com\/de\/cala-fornells-erwacht-mit-der-neuen-saison\/#breadcrumb"},"inLanguage":"de","potentialAction":[{"@type":"ReadAction","target":["https:\/\/www.calafornells.com\/de\/cala-fornells-erwacht-mit-der-neuen-saison\/"]}]},{"@type":"ImageObject","inLanguage":"de","@id":"https:\/\/www.calafornells.com\/de\/cala-fornells-erwacht-mit-der-neuen-saison\/#primaryimage","url":"https:\/\/www.calafornells.com\/wp-content\/uploads\/2026\/03\/hotel-cala-fornells-primavera-2026.jpg","contentUrl":"https:\/\/www.calafornells.com\/wp-content\/uploads\/2026\/03\/hotel-cala-fornells-primavera-2026.jpg","width":1599,"height":899},{"@type":"BreadcrumbList","@id":"https:\/\/www.calafornells.com\/de\/cala-fornells-erwacht-mit-der-neuen-saison\/#breadcrumb","itemListElement":[{"@type":"ListItem","position":1,"name":"Portada","item":"https:\/\/www.calafornells.com\/de\/"},{"@type":"ListItem","position":2,"name":"Cala Fornells erwacht mit der neuen Saison"}]},{"@type":"WebSite","@id":"https:\/\/www.calafornells.com\/#website","url":"https:\/\/www.calafornells.com\/","name":"Hotel Cala Fornells","description":"4* Paguera Mallorca | Offizielle Website | Bester Preis Online Garantiert","publisher":{"@id":"https:\/\/www.calafornells.com\/#organization"},"potentialAction":[{"@type":"SearchAction","target":{"@type":"EntryPoint","urlTemplate":"https:\/\/www.calafornells.com\/?s={search_term_string}"},"query-input":{"@type":"PropertyValueSpecification","valueRequired":true,"valueName":"search_term_string"}}],"inLanguage":"de"},{"@type":"Organization","@id":"https:\/\/www.calafornells.com\/#organization","name":"Hotel Cala Fornells","url":"https:\/\/www.calafornells.com\/","logo":{"@type":"ImageObject","inLanguage":"de","@id":"https:\/\/www.calafornells.com\/#\/schema\/logo\/image\/","url":"","contentUrl":"","caption":"Hotel Cala Fornells"},"image":{"@id":"https:\/\/www.calafornells.com\/#\/schema\/logo\/image\/"},"sameAs":["https:\/\/www.facebook.com\/hotel.calafornells\/","https:\/\/www.instagram.com\/hotelcalafornells\/"]},{"@type":"Person","@id":"https:\/\/www.calafornells.com\/#\/schema\/person\/e33ee564907e2ec1720f3a7624f17f4f","name":"calafor"}]}},"_links":{"self":[{"href":"https:\/\/www.calafornells.com\/de\/wp-json\/wp\/v2\/posts\/14492","targetHints":{"allow":["GET"]}}],"collection":[{"href":"https:\/\/www.calafornells.com\/de\/wp-json\/wp\/v2\/posts"}],"about":[{"href":"https:\/\/www.calafornells.com\/de\/wp-json\/wp\/v2\/types\/post"}],"author":[{"embeddable":true,"href":"https:\/\/www.calafornells.com\/de\/wp-json\/wp\/v2\/users\/1"}],"replies":[{"embeddable":true,"href":"https:\/\/www.calafornells.com\/de\/wp-json\/wp\/v2\/comments?post=14492"}],"version-history":[{"count":2,"href":"https:\/\/www.calafornells.com\/de\/wp-json\/wp\/v2\/posts\/14492\/revisions"}],"predecessor-version":[{"id":14494,"href":"https:\/\/www.calafornells.com\/de\/wp-json\/wp\/v2\/posts\/14492\/revisions\/14494"}],"wp:featuredmedia":[{"embeddable":true,"href":"https:\/\/www.calafornells.com\/de\/wp-json\/wp\/v2\/media\/14456"}],"wp:attachment":[{"href":"https:\/\/www.calafornells.com\/de\/wp-json\/wp\/v2\/media?parent=14492"}],"wp:term":[{"taxonomy":"category","embeddable":true,"href":"https:\/\/www.calafornells.com\/de\/wp-json\/wp\/v2\/categories?post=14492"},{"taxonomy":"post_tag","embeddable":true,"href":"https:\/\/www.calafornells.com\/de\/wp-json\/wp\/v2\/tags?post=14492"}],"curies":[{"name":"wp","href":"https:\/\/api.w.org\/{rel}","templated":true}]}}