{"id":14498,"date":"2026-03-14T16:55:13","date_gmt":"2026-03-14T15:55:13","guid":{"rendered":"https:\/\/www.calafornells.com\/cala-fornells-vuelve-a-despertar-con-la-nueva-temporada\/"},"modified":"2026-03-16T12:14:49","modified_gmt":"2026-03-16T11:14:49","slug":"cala-fornells-se-reveille-avec-la-nouvelle-saison","status":"publish","type":"post","link":"https:\/\/www.calafornells.com\/fr\/cala-fornells-se-reveille-avec-la-nouvelle-saison\/","title":{"rendered":"Cala Fornells se r\u00e9veille avec la nouvelle saison"},"content":{"rendered":"<p>Avec l\u2019arriv\u00e9e du printemps, Cala Fornells retrouve peu \u00e0 peu son rythme. Les journ\u00e9es s\u2019allongent, la lumi\u00e8re m\u00e9diterran\u00e9enne illumine de nouveau la baie et ce petit coin de Majorque retrouve la tranquillit\u00e9 qui le caract\u00e9rise.<\/p>\n<p>\u00c0 l\u2019<strong>Hotel Cala Fornells<\/strong>, ce moment de l\u2019ann\u00e9e a toujours une signification particuli\u00e8re. Apr\u00e8s les mois plus calmes de l\u2019hiver, le d\u00e9but de la nouvelle saison marque l\u2019arriv\u00e9e d\u2019un nouvel \u00e9t\u00e9 au bord de la mer, avec le m\u00eame esprit d\u2019hospitalit\u00e9 qui d\u00e9finit notre h\u00f4tel familial depuis 1947.<\/p>\n<p>La terrasse se remplit \u00e0 nouveau de vie, les premi\u00e8res baignades annoncent l\u2019arriv\u00e9e de l\u2019\u00e9t\u00e9 et la baie retrouve peu \u00e0 peu l\u2019atmosph\u00e8re paisible que tant de nos h\u00f4tes appr\u00e9cient ann\u00e9e apr\u00e8s ann\u00e9e.<\/p>\n<p>Comme \u00e0 chaque d\u00e9but de saison, notre \u00e9quipe se pr\u00e9pare \u00e0 accueillir les visiteurs avec la m\u00eame attention chaleureuse et personnalis\u00e9e qui caract\u00e9rise l\u2019Hotel Cala Fornells, un h\u00f4tel m\u00e9diterran\u00e9en g\u00e9r\u00e9 par la<strong> m\u00eame famille depuis trois g\u00e9n\u00e9rations<\/strong>.<\/p>\n<p>Pour beaucoup de nos <strong>h\u00f4tes fid\u00e8les<\/strong>, ce moment marque aussi le retour dans un lieu qu\u2019ils consid\u00e8rent presque comme une seconde maison. Certains nous rendent visite depuis des d\u00e9cennies et font d\u00e9sormais partie de <a href=\"https:\/\/www.calafornells.com\/fr\/histoire\/\">l\u2019histoire de l\u2019h\u00f4tel<\/a>.<\/p>\n<p>Avec cette nouvelle saison commence un nouveau chapitre d\u2019une histoire qui a d\u00e9but\u00e9 il y a plus de soixante-dix ans, face \u00e0 la baie de Cala Fornells.<\/p>\n<p>Nous nous r\u00e9jouissons de vous accueillir \u00e0 nouveau pour profiter ensemble de la M\u00e9diterran\u00e9e.<\/p>\n<p><em>Photo prise le dimanche 22 f\u00e9vrier 2026<\/em><\/p>\n","protected":false},"excerpt":{"rendered":"<p>Avec l\u2019arriv\u00e9e du printemps, Cala Fornells retrouve peu \u00e0 peu son rythme. Les journ\u00e9es s\u2019allongent, la lumi\u00e8re m\u00e9diterran\u00e9enne illumine de nouveau la baie et ce petit coin de Majorque retrouve la tranquillit\u00e9 qui le caract\u00e9rise. \u00c0 l\u2019Hotel Cala Fornells, ce moment de l\u2019ann\u00e9e a toujours une signification particuli\u00e8re. Apr\u00e8s les mois plus calmes de l\u2019hiver,&#8230;<\/p>\n","protected":false},"author":1,"featured_media":14455,"comment_status":"closed","ping_status":"closed","sticky":false,"template":"","format":"standard","meta":{"footnotes":""},"categories":[19],"tags":[],"class_list":["post-14498","post","type-post","status-publish","format-standard","has-post-thumbnail","hentry","category-sin-categoria-fr"],"yoast_head":"<!-- This site is optimized with the Yoast SEO plugin v27.5 - https:\/\/yoast.com\/product\/yoast-seo-wordpress\/ -->\n<title>Cala Fornells se r\u00e9veille avec la nouvelle saison | Hotel Cala Fornells<\/title>\n<meta name=\"robots\" content=\"index, follow, max-snippet:-1, max-image-preview:large, max-video-preview:-1\" \/>\n<link rel=\"canonical\" href=\"https:\/\/www.calafornells.com\/fr\/cala-fornells-se-reveille-avec-la-nouvelle-saison\/\" \/>\n<meta property=\"og:locale\" content=\"fr_FR\" \/>\n<meta property=\"og:type\" content=\"article\" \/>\n<meta property=\"og:title\" content=\"Cala Fornells se r\u00e9veille avec la nouvelle saison | Hotel Cala Fornells\" \/>\n<meta property=\"og:description\" content=\"Avec l\u2019arriv\u00e9e du printemps, Cala Fornells retrouve peu \u00e0 peu son rythme. Les journ\u00e9es s\u2019allongent, la lumi\u00e8re m\u00e9diterran\u00e9enne illumine de nouveau la baie et ce petit coin de Majorque retrouve la tranquillit\u00e9 qui le caract\u00e9rise. \u00c0 l\u2019Hotel Cala Fornells, ce moment de l\u2019ann\u00e9e a toujours une signification particuli\u00e8re. Apr\u00e8s les mois plus calmes de l\u2019hiver,...\" \/>\n<meta property=\"og:url\" content=\"https:\/\/www.calafornells.com\/fr\/cala-fornells-se-reveille-avec-la-nouvelle-saison\/\" \/>\n<meta property=\"og:site_name\" content=\"Hotel Cala Fornells\" \/>\n<meta property=\"article:publisher\" content=\"https:\/\/www.facebook.com\/hotel.calafornells\/\" \/>\n<meta property=\"article:published_time\" content=\"2026-03-14T15:55:13+00:00\" \/>\n<meta property=\"article:modified_time\" content=\"2026-03-16T11:14:49+00:00\" \/>\n<meta property=\"og:image\" content=\"https:\/\/www.calafornells.com\/wp-content\/uploads\/2026\/03\/hotel-cala-fornells-primavera-2026.jpg\" \/>\n\t<meta property=\"og:image:width\" content=\"1599\" \/>\n\t<meta property=\"og:image:height\" content=\"899\" \/>\n\t<meta property=\"og:image:type\" content=\"image\/jpeg\" \/>\n<meta name=\"author\" content=\"calafor\" \/>\n<meta name=\"twitter:card\" content=\"summary_large_image\" \/>\n<meta name=\"twitter:label1\" content=\"\u00c9crit par\" \/>\n\t<meta name=\"twitter:data1\" content=\"calafor\" \/>\n\t<meta name=\"twitter:label2\" content=\"Dur\u00e9e de lecture estim\u00e9e\" \/>\n\t<meta name=\"twitter:data2\" content=\"1 minute\" \/>\n<script type=\"application\/ld+json\" class=\"yoast-schema-graph\">{\"@context\":\"https:\\\/\\\/schema.org\",\"@graph\":[{\"@type\":\"Article\",\"@id\":\"https:\\\/\\\/www.calafornells.com\\\/fr\\\/cala-fornells-se-reveille-avec-la-nouvelle-saison\\\/#article\",\"isPartOf\":{\"@id\":\"https:\\\/\\\/www.calafornells.com\\\/fr\\\/cala-fornells-se-reveille-avec-la-nouvelle-saison\\\/\"},\"author\":{\"name\":\"calafor\",\"@id\":\"https:\\\/\\\/www.calafornells.com\\\/#\\\/schema\\\/person\\\/e33ee564907e2ec1720f3a7624f17f4f\"},\"headline\":\"Cala Fornells se r\u00e9veille avec la nouvelle saison\",\"datePublished\":\"2026-03-14T15:55:13+00:00\",\"dateModified\":\"2026-03-16T11:14:49+00:00\",\"mainEntityOfPage\":{\"@id\":\"https:\\\/\\\/www.calafornells.com\\\/fr\\\/cala-fornells-se-reveille-avec-la-nouvelle-saison\\\/\"},\"wordCount\":297,\"publisher\":{\"@id\":\"https:\\\/\\\/www.calafornells.com\\\/#organization\"},\"image\":{\"@id\":\"https:\\\/\\\/www.calafornells.com\\\/fr\\\/cala-fornells-se-reveille-avec-la-nouvelle-saison\\\/#primaryimage\"},\"thumbnailUrl\":\"https:\\\/\\\/www.calafornells.com\\\/wp-content\\\/uploads\\\/2026\\\/03\\\/hotel-cala-fornells-primavera-2026.jpg\",\"articleSection\":[\"Sin categor\u00eda\"],\"inLanguage\":\"fr-FR\"},{\"@type\":\"WebPage\",\"@id\":\"https:\\\/\\\/www.calafornells.com\\\/fr\\\/cala-fornells-se-reveille-avec-la-nouvelle-saison\\\/\",\"url\":\"https:\\\/\\\/www.calafornells.com\\\/fr\\\/cala-fornells-se-reveille-avec-la-nouvelle-saison\\\/\",\"name\":\"Cala Fornells se r\u00e9veille avec la nouvelle saison | Hotel Cala Fornells\",\"isPartOf\":{\"@id\":\"https:\\\/\\\/www.calafornells.com\\\/#website\"},\"primaryImageOfPage\":{\"@id\":\"https:\\\/\\\/www.calafornells.com\\\/fr\\\/cala-fornells-se-reveille-avec-la-nouvelle-saison\\\/#primaryimage\"},\"image\":{\"@id\":\"https:\\\/\\\/www.calafornells.com\\\/fr\\\/cala-fornells-se-reveille-avec-la-nouvelle-saison\\\/#primaryimage\"},\"thumbnailUrl\":\"https:\\\/\\\/www.calafornells.com\\\/wp-content\\\/uploads\\\/2026\\\/03\\\/hotel-cala-fornells-primavera-2026.jpg\",\"datePublished\":\"2026-03-14T15:55:13+00:00\",\"dateModified\":\"2026-03-16T11:14:49+00:00\",\"breadcrumb\":{\"@id\":\"https:\\\/\\\/www.calafornells.com\\\/fr\\\/cala-fornells-se-reveille-avec-la-nouvelle-saison\\\/#breadcrumb\"},\"inLanguage\":\"fr-FR\",\"potentialAction\":[{\"@type\":\"ReadAction\",\"target\":[\"https:\\\/\\\/www.calafornells.com\\\/fr\\\/cala-fornells-se-reveille-avec-la-nouvelle-saison\\\/\"]}]},{\"@type\":\"ImageObject\",\"inLanguage\":\"fr-FR\",\"@id\":\"https:\\\/\\\/www.calafornells.com\\\/fr\\\/cala-fornells-se-reveille-avec-la-nouvelle-saison\\\/#primaryimage\",\"url\":\"https:\\\/\\\/www.calafornells.com\\\/wp-content\\\/uploads\\\/2026\\\/03\\\/hotel-cala-fornells-primavera-2026.jpg\",\"contentUrl\":\"https:\\\/\\\/www.calafornells.com\\\/wp-content\\\/uploads\\\/2026\\\/03\\\/hotel-cala-fornells-primavera-2026.jpg\",\"width\":1599,\"height\":899},{\"@type\":\"BreadcrumbList\",\"@id\":\"https:\\\/\\\/www.calafornells.com\\\/fr\\\/cala-fornells-se-reveille-avec-la-nouvelle-saison\\\/#breadcrumb\",\"itemListElement\":[{\"@type\":\"ListItem\",\"position\":1,\"name\":\"Portada\",\"item\":\"https:\\\/\\\/www.calafornells.com\\\/fr\\\/\"},{\"@type\":\"ListItem\",\"position\":2,\"name\":\"Cala Fornells se r\u00e9veille avec la nouvelle saison\"}]},{\"@type\":\"WebSite\",\"@id\":\"https:\\\/\\\/www.calafornells.com\\\/#website\",\"url\":\"https:\\\/\\\/www.calafornells.com\\\/\",\"name\":\"Hotel Cala Fornells\",\"description\":\"4* Paguera Mallorca | Site Officiel | Meilleur Prix Internet Garanti\",\"publisher\":{\"@id\":\"https:\\\/\\\/www.calafornells.com\\\/#organization\"},\"potentialAction\":[{\"@type\":\"SearchAction\",\"target\":{\"@type\":\"EntryPoint\",\"urlTemplate\":\"https:\\\/\\\/www.calafornells.com\\\/?s={search_term_string}\"},\"query-input\":{\"@type\":\"PropertyValueSpecification\",\"valueRequired\":true,\"valueName\":\"search_term_string\"}}],\"inLanguage\":\"fr-FR\"},{\"@type\":\"Organization\",\"@id\":\"https:\\\/\\\/www.calafornells.com\\\/#organization\",\"name\":\"Hotel Cala Fornells\",\"url\":\"https:\\\/\\\/www.calafornells.com\\\/\",\"logo\":{\"@type\":\"ImageObject\",\"inLanguage\":\"fr-FR\",\"@id\":\"https:\\\/\\\/www.calafornells.com\\\/#\\\/schema\\\/logo\\\/image\\\/\",\"url\":\"\",\"contentUrl\":\"\",\"caption\":\"Hotel Cala Fornells\"},\"image\":{\"@id\":\"https:\\\/\\\/www.calafornells.com\\\/#\\\/schema\\\/logo\\\/image\\\/\"},\"sameAs\":[\"https:\\\/\\\/www.facebook.com\\\/hotel.calafornells\\\/\",\"https:\\\/\\\/www.instagram.com\\\/hotelcalafornells\\\/\"]},{\"@type\":\"Person\",\"@id\":\"https:\\\/\\\/www.calafornells.com\\\/#\\\/schema\\\/person\\\/e33ee564907e2ec1720f3a7624f17f4f\",\"name\":\"calafor\"}]}<\/script>\n<!-- \/ Yoast SEO plugin. -->","yoast_head_json":{"title":"Cala Fornells se r\u00e9veille avec la nouvelle saison | Hotel Cala Fornells","robots":{"index":"index","follow":"follow","max-snippet":"max-snippet:-1","max-image-preview":"max-image-preview:large","max-video-preview":"max-video-preview:-1"},"canonical":"https:\/\/www.calafornells.com\/fr\/cala-fornells-se-reveille-avec-la-nouvelle-saison\/","og_locale":"fr_FR","og_type":"article","og_title":"Cala Fornells se r\u00e9veille avec la nouvelle saison | Hotel Cala Fornells","og_description":"Avec l\u2019arriv\u00e9e du printemps, Cala Fornells retrouve peu \u00e0 peu son rythme. Les journ\u00e9es s\u2019allongent, la lumi\u00e8re m\u00e9diterran\u00e9enne illumine de nouveau la baie et ce petit coin de Majorque retrouve la tranquillit\u00e9 qui le caract\u00e9rise. \u00c0 l\u2019Hotel Cala Fornells, ce moment de l\u2019ann\u00e9e a toujours une signification particuli\u00e8re. Apr\u00e8s les mois plus calmes de l\u2019hiver,...","og_url":"https:\/\/www.calafornells.com\/fr\/cala-fornells-se-reveille-avec-la-nouvelle-saison\/","og_site_name":"Hotel Cala Fornells","article_publisher":"https:\/\/www.facebook.com\/hotel.calafornells\/","article_published_time":"2026-03-14T15:55:13+00:00","article_modified_time":"2026-03-16T11:14:49+00:00","og_image":[{"width":1599,"height":899,"url":"https:\/\/www.calafornells.com\/wp-content\/uploads\/2026\/03\/hotel-cala-fornells-primavera-2026.jpg","type":"image\/jpeg"}],"author":"calafor","twitter_card":"summary_large_image","twitter_misc":{"\u00c9crit par":"calafor","Dur\u00e9e de lecture estim\u00e9e":"1 minute"},"schema":{"@context":"https:\/\/schema.org","@graph":[{"@type":"Article","@id":"https:\/\/www.calafornells.com\/fr\/cala-fornells-se-reveille-avec-la-nouvelle-saison\/#article","isPartOf":{"@id":"https:\/\/www.calafornells.com\/fr\/cala-fornells-se-reveille-avec-la-nouvelle-saison\/"},"author":{"name":"calafor","@id":"https:\/\/www.calafornells.com\/#\/schema\/person\/e33ee564907e2ec1720f3a7624f17f4f"},"headline":"Cala Fornells se r\u00e9veille avec la nouvelle saison","datePublished":"2026-03-14T15:55:13+00:00","dateModified":"2026-03-16T11:14:49+00:00","mainEntityOfPage":{"@id":"https:\/\/www.calafornells.com\/fr\/cala-fornells-se-reveille-avec-la-nouvelle-saison\/"},"wordCount":297,"publisher":{"@id":"https:\/\/www.calafornells.com\/#organization"},"image":{"@id":"https:\/\/www.calafornells.com\/fr\/cala-fornells-se-reveille-avec-la-nouvelle-saison\/#primaryimage"},"thumbnailUrl":"https:\/\/www.calafornells.com\/wp-content\/uploads\/2026\/03\/hotel-cala-fornells-primavera-2026.jpg","articleSection":["Sin categor\u00eda"],"inLanguage":"fr-FR"},{"@type":"WebPage","@id":"https:\/\/www.calafornells.com\/fr\/cala-fornells-se-reveille-avec-la-nouvelle-saison\/","url":"https:\/\/www.calafornells.com\/fr\/cala-fornells-se-reveille-avec-la-nouvelle-saison\/","name":"Cala Fornells se r\u00e9veille avec la nouvelle saison | Hotel Cala Fornells","isPartOf":{"@id":"https:\/\/www.calafornells.com\/#website"},"primaryImageOfPage":{"@id":"https:\/\/www.calafornells.com\/fr\/cala-fornells-se-reveille-avec-la-nouvelle-saison\/#primaryimage"},"image":{"@id":"https:\/\/www.calafornells.com\/fr\/cala-fornells-se-reveille-avec-la-nouvelle-saison\/#primaryimage"},"thumbnailUrl":"https:\/\/www.calafornells.com\/wp-content\/uploads\/2026\/03\/hotel-cala-fornells-primavera-2026.jpg","datePublished":"2026-03-14T15:55:13+00:00","dateModified":"2026-03-16T11:14:49+00:00","breadcrumb":{"@id":"https:\/\/www.calafornells.com\/fr\/cala-fornells-se-reveille-avec-la-nouvelle-saison\/#breadcrumb"},"inLanguage":"fr-FR","potentialAction":[{"@type":"ReadAction","target":["https:\/\/www.calafornells.com\/fr\/cala-fornells-se-reveille-avec-la-nouvelle-saison\/"]}]},{"@type":"ImageObject","inLanguage":"fr-FR","@id":"https:\/\/www.calafornells.com\/fr\/cala-fornells-se-reveille-avec-la-nouvelle-saison\/#primaryimage","url":"https:\/\/www.calafornells.com\/wp-content\/uploads\/2026\/03\/hotel-cala-fornells-primavera-2026.jpg","contentUrl":"https:\/\/www.calafornells.com\/wp-content\/uploads\/2026\/03\/hotel-cala-fornells-primavera-2026.jpg","width":1599,"height":899},{"@type":"BreadcrumbList","@id":"https:\/\/www.calafornells.com\/fr\/cala-fornells-se-reveille-avec-la-nouvelle-saison\/#breadcrumb","itemListElement":[{"@type":"ListItem","position":1,"name":"Portada","item":"https:\/\/www.calafornells.com\/fr\/"},{"@type":"ListItem","position":2,"name":"Cala Fornells se r\u00e9veille avec la nouvelle saison"}]},{"@type":"WebSite","@id":"https:\/\/www.calafornells.com\/#website","url":"https:\/\/www.calafornells.com\/","name":"Hotel Cala Fornells","description":"4* Paguera Mallorca | Site Officiel | Meilleur Prix Internet Garanti","publisher":{"@id":"https:\/\/www.calafornells.com\/#organization"},"potentialAction":[{"@type":"SearchAction","target":{"@type":"EntryPoint","urlTemplate":"https:\/\/www.calafornells.com\/?s={search_term_string}"},"query-input":{"@type":"PropertyValueSpecification","valueRequired":true,"valueName":"search_term_string"}}],"inLanguage":"fr-FR"},{"@type":"Organization","@id":"https:\/\/www.calafornells.com\/#organization","name":"Hotel Cala Fornells","url":"https:\/\/www.calafornells.com\/","logo":{"@type":"ImageObject","inLanguage":"fr-FR","@id":"https:\/\/www.calafornells.com\/#\/schema\/logo\/image\/","url":"","contentUrl":"","caption":"Hotel Cala Fornells"},"image":{"@id":"https:\/\/www.calafornells.com\/#\/schema\/logo\/image\/"},"sameAs":["https:\/\/www.facebook.com\/hotel.calafornells\/","https:\/\/www.instagram.com\/hotelcalafornells\/"]},{"@type":"Person","@id":"https:\/\/www.calafornells.com\/#\/schema\/person\/e33ee564907e2ec1720f3a7624f17f4f","name":"calafor"}]}},"_links":{"self":[{"href":"https:\/\/www.calafornells.com\/fr\/wp-json\/wp\/v2\/posts\/14498","targetHints":{"allow":["GET"]}}],"collection":[{"href":"https:\/\/www.calafornells.com\/fr\/wp-json\/wp\/v2\/posts"}],"about":[{"href":"https:\/\/www.calafornells.com\/fr\/wp-json\/wp\/v2\/types\/post"}],"author":[{"embeddable":true,"href":"https:\/\/www.calafornells.com\/fr\/wp-json\/wp\/v2\/users\/1"}],"replies":[{"embeddable":true,"href":"https:\/\/www.calafornells.com\/fr\/wp-json\/wp\/v2\/comments?post=14498"}],"version-history":[{"count":2,"href":"https:\/\/www.calafornells.com\/fr\/wp-json\/wp\/v2\/posts\/14498\/revisions"}],"predecessor-version":[{"id":14500,"href":"https:\/\/www.calafornells.com\/fr\/wp-json\/wp\/v2\/posts\/14498\/revisions\/14500"}],"wp:featuredmedia":[{"embeddable":true,"href":"https:\/\/www.calafornells.com\/fr\/wp-json\/wp\/v2\/media\/14455"}],"wp:attachment":[{"href":"https:\/\/www.calafornells.com\/fr\/wp-json\/wp\/v2\/media?parent=14498"}],"wp:term":[{"taxonomy":"category","embeddable":true,"href":"https:\/\/www.calafornells.com\/fr\/wp-json\/wp\/v2\/categories?post=14498"},{"taxonomy":"post_tag","embeddable":true,"href":"https:\/\/www.calafornells.com\/fr\/wp-json\/wp\/v2\/tags?post=14498"}],"curies":[{"name":"wp","href":"https:\/\/api.w.org\/{rel}","templated":true}]}}